{"id":1414,"date":"2021-10-26T16:14:00","date_gmt":"2021-10-26T16:14:00","guid":{"rendered":"https:\/\/eqlab.org\/?p=1414"},"modified":"2024-09-04T16:31:18","modified_gmt":"2024-09-04T16:31:18","slug":"lecciones-de-un-paro-anunciado","status":"publish","type":"post","link":"https:\/\/eqlab.org\/es\/lecciones-de-un-paro-anunciado\/","title":{"rendered":"Lecciones de un paro anunciado"},"content":{"rendered":"<div class=\"wp-block-post-date\"><time datetime=\"2021-10-26T16:14:00+00:00\">26 de octubre de 2021<\/time><\/div>\n\n<div class=\"wp-block-post-author\"><div class=\"wp-block-post-author__content\"><p class=\"wp-block-post-author__name\">Ang\u00e9lica S\u00e1nchez, Ph.D<\/p><p class=\"wp-block-post-author__bio\">Profesora Universitaria, elegida por la organizaci\u00f3n estadounidense Poets and Quants como una de los 40 mejores profesores, menores de 40 a\u00f1os, de una escuela de negocios a nivel mundial.<\/p><\/div><\/div>\n\n\n<p>Este lunes 27 de junio se cumplieron 15 d\u00edas de paro nacional. Conversando con algunos colegas sobre esta situaci\u00f3n, trataba de encontrar posibles soluciones o salidas de esta crisis pol\u00edtica que tiene en vilo a todo un pa\u00eds. En vista de que no encontr\u00e9 palabras alentadoras y esperanzadoras en estas conversaciones, hice el siguiente an\u00e1lisis porque si no aprendemos de nuestros errores, los volveremos a cometer.<\/p>\n\n\n\n<p>Despu\u00e9s de 18 d\u00edas de paro, aqu\u00ed menciono algunas reflexiones desde mi perspectiva en ciencias empresariales. Primero, <em>el \u00e9xito no puede ser resultado del aislamiento<\/em>. Los ecuatorianos que residen en Ecuador y los que viven o han vivido en otras partes del mundo, reconocemos que es un pa\u00eds bendecido por la mano de Dios. Tremendamente hermoso, de gente amable y trabajadora que busca y merece una mejor calidad de vida; pero con actores pol\u00edticos en constante conflicto. Corrupci\u00f3n, pobreza y desempleo son enemigos comunes, que afectan a corto y largo plazo, porque ponen en riesgo nuestros valores ciudadanos y familiares. La ausencia de una colaboraci\u00f3n conjunta, sin agendas partidistas, impacta en las esperanzas personales del ciudadano de a pie.<\/p>\n\n\n\n<p>Segundo, <em>de los errores aprendemos a ser mejores<\/em>. Debemos aprender de estas experiencias para generar estrategias asertivas que faciliten la creaci\u00f3n de un mejor modelo de sociedad. El gobierno actual, lleva un a\u00f1o en el poder, y despu\u00e9s de una pandemia mundial, recesi\u00f3n econ\u00f3mica global y una guerra que parece no terminar, entre Rusia y Ucrania, las condiciones econ\u00f3micas y sociales en Ecuador y en el mundo entero, son muy dif\u00edciles. Seg\u00fan la CEPAL, en su informe anual Panorama Social, Am\u00e9rica Latina y el Caribe es la regi\u00f3n m\u00e1s vulnerable del mundo en esta pandemia. Se estima que la pobreza extrema en la regi\u00f3n subi\u00f3 a 86 millones de personas en 2021 como consecuencia del COVID-19<a href=\"#_ftn1\" id=\"_ftnref1\">[1]<\/a>. Las crisis son momentos de cambio, y el cambio siempre cuesta. Reconociendo el sufrimiento y el dolor de la muerte en los enfrentamientos de estos d\u00edas, intentemos aprender de estas experiencias para la modelizaci\u00f3n de nuestra sociedad. Por el lado del gobierno, enfocar su atenci\u00f3n a aquellos grupos y sectores m\u00e1s vulnerables y mejorar, en t\u00e9rminos generales, su estrategia de comunicaci\u00f3n. Por el lado de los manifestantes, depurar sus partidarios y parar la violencia, respetar el estado de derecho y asumir las consecuencias de sus actos. Son momentos dolorosos los que est\u00e1n aconteciendo en el Ecuador, y son parte del desarrollo de una conciencia colectiva para que podamos avanzar. Hoy vemos que las nuevas tecnolog\u00edas permiten la inclusi\u00f3n, y esto visibiliza una amplia diversidad de realidades que entran en contraste. Esto obliga, a quienes nos representan, a adaptarse a esta pluralidad y estar mejor preparados en el servicio y atenci\u00f3n de las necesidades hist\u00f3ricas y las necesidades inmediatas. El enfrentamiento de los modelos estatista y privatista debe dar paso a un modelo combinado de servicios para el bienestar del pa\u00eds. No debemos inventar el agua tibia, \u00bfQu\u00e9 es lo que funciona en otros pa\u00edses desarrollados? \u00bfPodemos adaptarlo a nuestra realidad en Ecuador?<\/p>\n\n\n\n<p>Tercero, <em>construir un proyecto nacional a largo plazo<\/em>. Un proyecto de pa\u00eds requiere una vigencia de 20 a 30 a\u00f1os, por ello los gobernantes en ejercicio de cuatro a\u00f1os deben acoplarse, actualizar y potenciar seg\u00fan las tecnolog\u00edas emergentes y las experiencias previas, al proyecto pa\u00eds preexistente. Todo ello sin buscar ser actores principales, sino solamente gestores de un proceso que beneficie a los ciudadanos del presente y el futuro. \u00bfCu\u00e1l es nuestro proyecto pa\u00eds? Lo que hoy vivimos es una consecuencia natural de la inmediatez de nuestro tiempo, que obliga a razonar en lo moment\u00e1neo, lo cercano, lo visible, lo pasajero y lo individual\u2026 lo cual est\u00e1 MUY bien, pero est\u00e1 incompleto\u2026 pues debemos mirar TAMBI\u00c9N lo comunitario, lo de largo plazo. En este momento, la mayor\u00eda de ecuatorianos hemos elegido al Sr. Guillermo Lasso como nuestro actual representante y debemos apoyarlo. Si no estamos de acuerdo con sus pol\u00edticas p\u00fablicas, el pr\u00f3ximo a\u00f1o tendremos elecciones seccionales y en dos a\u00f1os m\u00e1s, nuevamente elecciones presidenciales y podremos elegir a otros candidatos de nuestra preferencia. Si cada vez que estamos en desacuerdo, determinados grupos van a paralizar el pa\u00eds, van a cerrar carreteras, van a querer refundar la vida democr\u00e1tica, entonces seguiremos anclados al tercer mundo.<\/p>\n\n\n\n<p>Con un paro que dur\u00f3 casi tres semanas con personas fallecidas y millones de d\u00f3lares en p\u00e9rdidas\u2026 la mayor\u00eda de los ciudadanos clamamos paz, justicia, esperanza.<\/p>\n\n\n\n<hr class=\"wp-block-separator has-alpha-channel-opacity\"\/>\n\n\n\n<p><a href=\"#_ftnref1\" id=\"_ftn1\">[1]<\/a> https:\/\/www.cepal.org\/es\/comunicados\/pobreza-extrema-la-region-sube-86-millones-2021-como-consecuencia-la-profundizacion-la<\/p>\n","protected":false},"excerpt":{"rendered":"<p>Este lunes 27 de junio se cumplieron 15 d\u00edas de paro nacional. Conversando con algunos colegas sobre esta situaci\u00f3n, trataba de encontrar posibles soluciones o salidas de esta crisis pol\u00edtica que tiene en vilo a todo un pa\u00eds. En vista de que no encontr\u00e9 palabras alentadoras y esperanzadoras en estas conversaciones, hice el siguiente an\u00e1lisis [&hellip;]<\/p>\n","protected":false},"author":4,"featured_media":1417,"comment_status":"open","ping_status":"open","sticky":false,"template":"","format":"standard","meta":{"site-sidebar-layout":"default","site-content-layout":"","ast-site-content-layout":"default","site-content-style":"default","site-sidebar-style":"default","ast-global-header-display":"","ast-banner-title-visibility":"","ast-main-header-display":"","ast-hfb-above-header-display":"","ast-hfb-below-header-display":"","ast-hfb-mobile-header-display":"","site-post-title":"","ast-breadcrumbs-content":"","ast-featured-img":"","footer-sml-layout":"","ast-disable-related-posts":"","theme-transparent-header-meta":"","adv-header-id-meta":"","stick-header-meta":"","header-above-stick-meta":"","header-main-stick-meta":"","header-below-stick-meta":"","astra-migrate-meta-layouts":"default","ast-page-background-enabled":"default","ast-page-background-meta":{"desktop":{"background-color":"","background-image":"","background-repeat":"repeat","background-position":"center center","background-size":"auto","background-attachment":"scroll","background-type":"","background-media":"","overlay-type":"","overlay-color":"","overlay-opacity":"","overlay-gradient":""},"tablet":{"background-color":"","background-image":"","background-repeat":"repeat","background-position":"center center","background-size":"auto","background-attachment":"scroll","background-type":"","background-media":"","overlay-type":"","overlay-color":"","overlay-opacity":"","overlay-gradient":""},"mobile":{"background-color":"","background-image":"","background-repeat":"repeat","background-position":"center center","background-size":"auto","background-attachment":"scroll","background-type":"","background-media":"","overlay-type":"","overlay-color":"","overlay-opacity":"","overlay-gradient":""}},"ast-content-background-meta":{"desktop":{"background-color":"var(--ast-global-color-5)","background-image":"","background-repeat":"repeat","background-position":"center center","background-size":"auto","background-attachment":"scroll","background-type":"","background-media":"","overlay-type":"","overlay-color":"","overlay-opacity":"","overlay-gradient":""},"tablet":{"background-color":"var(--ast-global-color-5)","background-image":"","background-repeat":"repeat","background-position":"center center","background-size":"auto","background-attachment":"scroll","background-type":"","background-media":"","overlay-type":"","overlay-color":"","overlay-opacity":"","overlay-gradient":""},"mobile":{"background-color":"var(--ast-global-color-5)","background-image":"","background-repeat":"repeat","background-position":"center center","background-size":"auto","background-attachment":"scroll","background-type":"","background-media":"","overlay-type":"","overlay-color":"","overlay-opacity":"","overlay-gradient":""}},"footnotes":""},"categories":[9],"tags":[],"class_list":["post-1414","post","type-post","status-publish","format-standard","has-post-thumbnail","hentry","category-investigacion"],"_links":{"self":[{"href":"https:\/\/eqlab.org\/es\/wp-json\/wp\/v2\/posts\/1414","targetHints":{"allow":["GET"]}}],"collection":[{"href":"https:\/\/eqlab.org\/es\/wp-json\/wp\/v2\/posts"}],"about":[{"href":"https:\/\/eqlab.org\/es\/wp-json\/wp\/v2\/types\/post"}],"author":[{"embeddable":true,"href":"https:\/\/eqlab.org\/es\/wp-json\/wp\/v2\/users\/4"}],"replies":[{"embeddable":true,"href":"https:\/\/eqlab.org\/es\/wp-json\/wp\/v2\/comments?post=1414"}],"version-history":[{"count":9,"href":"https:\/\/eqlab.org\/es\/wp-json\/wp\/v2\/posts\/1414\/revisions"}],"predecessor-version":[{"id":1430,"href":"https:\/\/eqlab.org\/es\/wp-json\/wp\/v2\/posts\/1414\/revisions\/1430"}],"wp:featuredmedia":[{"embeddable":true,"href":"https:\/\/eqlab.org\/es\/wp-json\/wp\/v2\/media\/1417"}],"wp:attachment":[{"href":"https:\/\/eqlab.org\/es\/wp-json\/wp\/v2\/media?parent=1414"}],"wp:term":[{"taxonomy":"category","embeddable":true,"href":"https:\/\/eqlab.org\/es\/wp-json\/wp\/v2\/categories?post=1414"},{"taxonomy":"post_tag","embeddable":true,"href":"https:\/\/eqlab.org\/es\/wp-json\/wp\/v2\/tags?post=1414"}],"curies":[{"name":"wp","href":"https:\/\/api.w.org\/{rel}","templated":true}]}}